{"id":2906,"date":"2022-06-20T13:18:24","date_gmt":"2022-06-20T11:18:24","guid":{"rendered":"https:\/\/zsp4.malbork.pl\/wordpress\/?p=2906"},"modified":"2022-06-20T13:18:25","modified_gmt":"2022-06-20T11:18:25","slug":"konkurs-fryzjerskie-inspiracje-literatura","status":"publish","type":"post","link":"https:\/\/zstmalbork.pl\/wordpress\/2022\/06\/20\/konkurs-fryzjerskie-inspiracje-literatura\/","title":{"rendered":"Konkurs ?Fryzjerskie inspiracje literatur\u0105?"},"content":{"rendered":"\n<p><\/p>\n\n\n\n<p>&nbsp;&nbsp;&nbsp; Klasy fryzjerskie mog\u0142y w tym roku szkolnym wzi\u0105\u0107 udzia\u0142 w bran\u017cowym konkursie inspirowanym kobiecymi bohaterkami literackimi. Zadanie polega\u0142o na przedstawieniu wybranej postaci, wystylizowaniu jej i wyeksponowaniu charakterystycznych cech.<\/p>\n\n\n\n<p>&nbsp;&nbsp;&nbsp;&nbsp;&nbsp; Do udzia\u0142u w konkursie ?Fryzjerskie inspiracje literatur\u0105? zg\u0142osi\u0142o si\u0119 wielu ch\u0119tnych. Pojawi\u0142y si\u0119 prace na modelach i g\u0142\u00f3wkach, a ka\u017cdy uczestnik mia\u0142 mo\u017cliwo\u015b\u0107 wykorzystania swojej wra\u017cliwo\u015bci, kreatywno\u015bci, a przede wszystkim fryzjerskiego talentu. Jurorzy stan\u0119li zatem przed bardzo trudnym zadaniem. Po d\u0142ugich obradach 03 czerwca wy\u0142oniono zwyci\u0119zc\u00f3w:<\/p>\n\n\n\n<p>1 miejsce zaj\u0119\u0142a Malwina Musielak z kl. 2 Fb za posta\u0107 Izabeli \u0141\u0119ckiej, bohaterki ?Lalki? Boles\u0142aw Prusa<\/p>\n\n\n\n<p>2 miejsce trafi\u0142o do Wiktorii \u017burawskiej z kl. 2 Fa za posta\u0107 Klary z ?Zemsty? Aleksandra Fredry<\/p>\n\n\n\n<p>3 miejsce zdoby\u0142a Aleksandra Kajdaszuk z kl. 3 Fg za posta\u0107 Katniss z ?Igrzysk \u015amierci? Suzanne Collins<\/p>\n\n\n\n<p>Wyr\u00f3\u017cnienia trafi\u0142y do Marii Kotowskiej z kl. 3 Fg, Natalii Dziewic z kl. 3 Fg oraz Wiktorii Kisielewskiej&nbsp; z kl. 1 F<\/p>\n\n\n\n<p>Pozosta\u0142e osoby, kt\u00f3re bra\u0142y udzia\u0142 w konkursie otrzyma\u0142y pochwa\u0142y za kreatywno\u015b\u0107, w\u0142o\u017cony trud i zaanga\u017cowanie.<\/p>\n\n\n\n<p>Wszystkie prace w formie wystawy zosta\u0142y wyeksponowane na szkolnym holu, a laureaci otrzymaj\u0105 nagrody i dyplomy podczas zako\u0144czenia roku szkolnego.<\/p>\n\n\n\n<p>Gratulujemy zwyci\u0119zcom i dzi\u0119kujemy wszystkim uczestnikom konkursu.<\/p>\n\n\n\n<p>Osobne podzi\u0119kowania kierujemy r\u00f3wnie\u017c do pa\u0144 z pracowni fryzjerskiej w CEZ-ie, kt\u00f3re zach\u0119ci\u0142y i inspirowa\u0142y m\u0142odzie\u017c &nbsp;do udzia\u0142u w konkursie.<\/p>\n\n\n\n<p>Organizatorki:<\/p>\n\n\n\n<p>Katarzyna Chojnowska<\/p>\n\n\n\n<p>Katarzyna Rybak<\/p>\n\n\n\n<figure class=\"wp-block-gallery has-nested-images columns-default is-cropped wp-block-gallery-1 is-layout-flex wp-block-gallery-is-layout-flex\">\n<figure class=\"wp-block-image size-large\"><img fetchpriority=\"high\" decoding=\"async\" width=\"321\" height=\"427\" data-id=\"2914\" src=\"https:\/\/zsp4.malbork.pl\/wordpress\/wp-content\/uploads\/2022\/06\/1655722949411.jpg\" alt=\"\" class=\"wp-image-2914\" srcset=\"https:\/\/zstmalbork.pl\/wordpress\/wp-content\/uploads\/2022\/06\/1655722949411.jpg 321w, https:\/\/zstmalbork.pl\/wordpress\/wp-content\/uploads\/2022\/06\/1655722949411-301x400.jpg 301w\" sizes=\"(max-width: 321px) 100vw, 321px\" \/><\/figure>\n\n\n\n<figure class=\"wp-block-image size-large\"><img decoding=\"async\" width=\"321\" height=\"427\" data-id=\"2913\" src=\"https:\/\/zsp4.malbork.pl\/wordpress\/wp-content\/uploads\/2022\/06\/1655722949403.jpg\" alt=\"\" class=\"wp-image-2913\" srcset=\"https:\/\/zstmalbork.pl\/wordpress\/wp-content\/uploads\/2022\/06\/1655722949403.jpg 321w, https:\/\/zstmalbork.pl\/wordpress\/wp-content\/uploads\/2022\/06\/1655722949403-301x400.jpg 301w\" sizes=\"(max-width: 321px) 100vw, 321px\" \/><\/figure>\n\n\n\n<figure class=\"wp-block-image size-large\"><img decoding=\"async\" width=\"321\" height=\"427\" data-id=\"2917\" src=\"https:\/\/zsp4.malbork.pl\/wordpress\/wp-content\/uploads\/2022\/06\/1655722949439.jpg\" alt=\"\" class=\"wp-image-2917\" srcset=\"https:\/\/zstmalbork.pl\/wordpress\/wp-content\/uploads\/2022\/06\/1655722949439.jpg 321w, https:\/\/zstmalbork.pl\/wordpress\/wp-content\/uploads\/2022\/06\/1655722949439-301x400.jpg 301w\" sizes=\"(max-width: 321px) 100vw, 321px\" \/><\/figure>\n\n\n\n<figure class=\"wp-block-image size-large\"><img loading=\"lazy\" decoding=\"async\" width=\"321\" height=\"427\" data-id=\"2915\" src=\"https:\/\/zsp4.malbork.pl\/wordpress\/wp-content\/uploads\/2022\/06\/1655722949418.jpg\" alt=\"\" class=\"wp-image-2915\" srcset=\"https:\/\/zstmalbork.pl\/wordpress\/wp-content\/uploads\/2022\/06\/1655722949418.jpg 321w, https:\/\/zstmalbork.pl\/wordpress\/wp-content\/uploads\/2022\/06\/1655722949418-301x400.jpg 301w\" sizes=\"(max-width: 321px) 100vw, 321px\" \/><\/figure>\n\n\n\n<figure class=\"wp-block-image size-large\"><img loading=\"lazy\" decoding=\"async\" width=\"321\" height=\"427\" data-id=\"2916\" src=\"https:\/\/zsp4.malbork.pl\/wordpress\/wp-content\/uploads\/2022\/06\/1655722949428.jpg\" alt=\"\" class=\"wp-image-2916\" srcset=\"https:\/\/zstmalbork.pl\/wordpress\/wp-content\/uploads\/2022\/06\/1655722949428.jpg 321w, https:\/\/zstmalbork.pl\/wordpress\/wp-content\/uploads\/2022\/06\/1655722949428-301x400.jpg 301w\" sizes=\"(max-width: 321px) 100vw, 321px\" \/><\/figure>\n<\/figure>\n","protected":false},"excerpt":{"rendered":"<p>&nbsp;&nbsp;&nbsp; Klasy fryzjerskie mog\u0142y w tym roku szkolnym wzi\u0105\u0107 udzia\u0142 w bran\u017cowym konkursie inspirowanym kobiecymi bohaterkami literackimi. Zadanie<\/p>\n","protected":false},"author":3,"featured_media":2916,"comment_status":"closed","ping_status":"closed","sticky":false,"template":"","format":"standard","meta":{"footnotes":""},"categories":[11],"tags":[],"class_list":["post-2906","post","type-post","status-publish","format-standard","has-post-thumbnail","hentry","category-informacje"],"featured_image_urls":{"full":["https:\/\/zstmalbork.pl\/wordpress\/wp-content\/uploads\/2022\/06\/1655722949428.jpg",321,427,false],"thumbnail":["https:\/\/zstmalbork.pl\/wordpress\/wp-content\/uploads\/2022\/06\/1655722949428-150x150.jpg",150,150,true],"medium":["https:\/\/zstmalbork.pl\/wordpress\/wp-content\/uploads\/2022\/06\/1655722949428-301x400.jpg",301,400,true],"medium_large":["https:\/\/zstmalbork.pl\/wordpress\/wp-content\/uploads\/2022\/06\/1655722949428.jpg",321,427,false],"large":["https:\/\/zstmalbork.pl\/wordpress\/wp-content\/uploads\/2022\/06\/1655722949428.jpg",321,427,false],"1536x1536":["https:\/\/zstmalbork.pl\/wordpress\/wp-content\/uploads\/2022\/06\/1655722949428.jpg",321,427,false],"2048x2048":["https:\/\/zstmalbork.pl\/wordpress\/wp-content\/uploads\/2022\/06\/1655722949428.jpg",321,427,false],"morenews-large":["https:\/\/zstmalbork.pl\/wordpress\/wp-content\/uploads\/2022\/06\/1655722949428.jpg",321,427,false],"morenews-medium":["https:\/\/zstmalbork.pl\/wordpress\/wp-content\/uploads\/2022\/06\/1655722949428.jpg",308,410,false]},"author_info":{"display_name":"Maciej Kowalewski","author_link":"https:\/\/zstmalbork.pl\/wordpress\/author\/maciej-kowalewski\/"},"category_info":"<a href=\"https:\/\/zstmalbork.pl\/wordpress\/category\/informacje\/\" rel=\"category tag\">INFORMACJE<\/a>","tag_info":"INFORMACJE","comment_count":"0","_links":{"self":[{"href":"https:\/\/zstmalbork.pl\/wordpress\/wp-json\/wp\/v2\/posts\/2906","targetHints":{"allow":["GET"]}}],"collection":[{"href":"https:\/\/zstmalbork.pl\/wordpress\/wp-json\/wp\/v2\/posts"}],"about":[{"href":"https:\/\/zstmalbork.pl\/wordpress\/wp-json\/wp\/v2\/types\/post"}],"author":[{"embeddable":true,"href":"https:\/\/zstmalbork.pl\/wordpress\/wp-json\/wp\/v2\/users\/3"}],"replies":[{"embeddable":true,"href":"https:\/\/zstmalbork.pl\/wordpress\/wp-json\/wp\/v2\/comments?post=2906"}],"version-history":[{"count":3,"href":"https:\/\/zstmalbork.pl\/wordpress\/wp-json\/wp\/v2\/posts\/2906\/revisions"}],"predecessor-version":[{"id":2920,"href":"https:\/\/zstmalbork.pl\/wordpress\/wp-json\/wp\/v2\/posts\/2906\/revisions\/2920"}],"wp:featuredmedia":[{"embeddable":true,"href":"https:\/\/zstmalbork.pl\/wordpress\/wp-json\/wp\/v2\/media\/2916"}],"wp:attachment":[{"href":"https:\/\/zstmalbork.pl\/wordpress\/wp-json\/wp\/v2\/media?parent=2906"}],"wp:term":[{"taxonomy":"category","embeddable":true,"href":"https:\/\/zstmalbork.pl\/wordpress\/wp-json\/wp\/v2\/categories?post=2906"},{"taxonomy":"post_tag","embeddable":true,"href":"https:\/\/zstmalbork.pl\/wordpress\/wp-json\/wp\/v2\/tags?post=2906"}],"curies":[{"name":"wp","href":"https:\/\/api.w.org\/{rel}","templated":true}]}}