{"id":3116,"date":"2023-07-14T14:51:32","date_gmt":"2023-07-14T12:51:32","guid":{"rendered":"https:\/\/zsp4.malbork.pl\/wordpress\/?p=3116"},"modified":"2023-07-14T14:51:59","modified_gmt":"2023-07-14T12:51:59","slug":"regulamin-mundurowy-zespolu-szkol-technicznych-w-malborku","status":"publish","type":"post","link":"https:\/\/zstmalbork.pl\/wordpress\/2023\/07\/14\/regulamin-mundurowy-zespolu-szkol-technicznych-w-malborku\/","title":{"rendered":"STR\u00d3J  SZKOLNY  UCZNIA ZESPO\u0141U  SZK\u00d3\u0141  TECHNICZNYCH W  MALBORKU"},"content":{"rendered":"\n<p><\/p>\n\n\n\n<p class=\"has-vivid-red-color has-text-color\"><strong>Nowy regulamin jednolitego stroju ucznia b\u0119dzie opublikowany we wrze\u015bniu po rozpocz\u0119ciu nowego roku szkolnego. Jego zapisy b\u0119d\u0105 obowi\u0105zywa\u0142y wszystkich uczni\u00f3w naszej szko\u0142y, dotyczy to zar\u00f3wno klas rozpoczynaj\u0105cych nauk\u0119 w naszej szkole, jak r\u00f3wnie\u017c klas starszych!<\/strong><\/p>\n\n\n\n<p><strong>Str\u00f3j galowy ucznia:<\/strong><\/p>\n\n\n\n<ul class=\"wp-block-list\">\n<li>marynarka w kolorze granatowym lub czarnym, jednolita, z naszytymi na jej klapach i&nbsp;prawym r\u0119kawie emblematami w zale\u017cno\u015bci od typu szko\u0142y do jakiej ucze\u0144 ucz\u0119szcza; d\u0142ugie jednolite spodnie granatowe lub czarne o klasycznym kroju.<\/li>\n\n\n\n<li>koszula w kolorze bia\u0142ym;<\/li>\n\n\n\n<li>krawat jednolity w kolorze czarnym lub granatowym.<\/li>\n<\/ul>\n\n\n\n<p><strong>Str\u00f3j galowy uczennicy:<\/strong><\/p>\n\n\n\n<ul class=\"wp-block-list\">\n<li>marynarka w kolorze granatowym lub czarnym, jednolita, z naszytymi na klapach i&nbsp;prawym r\u0119kawie emblematami w zale\u017cno\u015bci od typu szko\u0142y do jakiej uczennica ucz\u0119szcza; sp\u00f3dnica lub d\u0142ugie jednolite spodnie granatowe lub czarne o klasycznym kroju.<\/li>\n\n\n\n<li>koszula w kolorze bia\u0142ym;<\/li>\n\n\n\n<li>krawat jednolity w kolorze czarnym lub granatowym.<\/li>\n<\/ul>\n\n\n\n<p><strong>Str\u00f3j codzienny ucznia:<\/strong><\/p>\n\n\n\n<ul class=\"wp-block-list\">\n<li>marynarka w kolorze granatowym lub czarnym, jednolita, z naszytymi na jej klapach i&nbsp;prawym r\u0119kawie emblematami w zale\u017cno\u015bci od typu szko\u0142y do jakiej ucze\u0144 ucz\u0119szcza; d\u0142ugie jednolite spodnie granatowe lub czarne o klasycznym kroju.<\/li>\n\n\n\n<li>koszula jednolita w kolorze niebieskim, granatowym lub bia\u0142ym;<\/li>\n\n\n\n<li>krawat jednolity w kolorze czarnym lub granatowym.<\/li>\n<\/ul>\n\n\n\n<p><strong>Str\u00f3j codzienny uczennicy:<\/strong><\/p>\n\n\n\n<ul class=\"wp-block-list\">\n<li>marynarka w kolorze granatowym lub czarnym, jednolita, z naszytymi na klapach i&nbsp;prawym r\u0119kawie emblematami w zale\u017cno\u015bci od typu szko\u0142y do jakiej uczennica ucz\u0119szcza; sp\u00f3dnica lub d\u0142ugie jednolite spodnie granatowe lub czarne o klasycznym kroju.<\/li>\n\n\n\n<li>koszula jednolita w kolorze niebieskim, granatowym lub bia\u0142ym;<\/li>\n\n\n\n<li>krawat jednolity w kolorze czarnym lub granatowym.<\/li>\n<\/ul>\n\n\n\n<p>W zale\u017cno\u015bci od warunk\u00f3w pogodowych i panuj\u0105cych temperatur uczniowie nosz\u0105 str\u00f3j letni.<\/p>\n\n\n\n<p><strong>Ubi\u00f3r &nbsp;letni &nbsp;(kwiecie\u0144, maj, czerwiec, wrzesie\u0144, pa\u017adziernik) ucznia:<\/strong><\/p>\n\n\n\n<ul class=\"wp-block-list\">\n<li>d\u0142ugie jednolite spodnie granatowe lub czarne o klasycznym kroju<\/li>\n\n\n\n<li>koszula jednolita w kolorze niebieskim, granatowym lub bia\u0142ym;<\/li>\n\n\n\n<li>krawat jednolity w kolorze czarnym lub granatowym ( z emblematem szko\u0142y)<\/li>\n<\/ul>\n\n\n\n<p><strong>Ubi\u00f3r letni &nbsp;((kwiecie\u0144, maj, czerwiec, wrzesie\u0144, pa\u017adziernik) uczennicy:<\/strong><\/p>\n\n\n\n<ul class=\"wp-block-list\">\n<li>sp\u00f3dnica albo d\u0142ugie jednolite spodnie koloru ciemnego o klasycznym kroju.<\/li>\n\n\n\n<li>koszula jednolita w kolorze niebieskim, granatowym lub bia\u0142ym;<\/li>\n\n\n\n<li>krawat jednolity w kolorze czarnym lub granatowym (z emblematem szko\u0142y)<\/li>\n<\/ul>\n\n\n\n<p><strong>Uczniowie Oddzia\u0142\u00f3w Przygotowania Wojskowego<\/strong>&nbsp; uczestnicz\u0105 w zaj\u0119ciach z przygotowania wojskowego w pe\u0142nym ?ubiorze ucznia?&nbsp;wg wzoru MON.<\/p>\n\n\n\n<p><strong>Uczniowie klas sportowych<\/strong> uczestnicz\u0105 w zaj\u0119ciach w ?ubiorze ucznia klasy sportowej? wed\u0142ug zatwierdzonego wzoru.<\/p>\n\n\n\n<p><strong>Uczniowie klas s\u0142u\u017cb mundurowych<\/strong> uczestnicz\u0105 w zaj\u0119ciach wed\u0142ug zatwierdzonego wzoru.<\/p>\n\n\n\n<p><strong>Pozosta\u0142e szczeg\u00f3\u0142owe zasady jednolitego stroju ucznia&nbsp; okre\u015bla&nbsp; regulamin.<\/strong><\/p>\n\n\n\n<p><strong>Nie dopuszcza si\u0119\u00a0 jeans\u00f3w, spodni dresowych, spodni zw\u0119\u017canych, z dziurami, kr\u00f3tkich oraz z podwijan\u0105 nogawk\u0105 lub zako\u0144czonych \u015bci\u0105gaczem. <\/strong><strong>Krawat z emblematem szko\u0142y\u00a0 wed\u0142ug za\u0142\u0105czonego wzoru (zostan\u0105 zakupione po zebraniu wp\u0142at od uczni\u00f3w przez wychowawc\u00f3w klas po rozpocz\u0119ciu roku szkolnego 2023\/2024 ? koszt. ok. 16 z\u0142).<\/strong><\/p>\n","protected":false},"excerpt":{"rendered":"<p>Nowy regulamin jednolitego stroju ucznia b\u0119dzie opublikowany we wrze\u015bniu po rozpocz\u0119ciu nowego roku szkolnego. Jego zapisy b\u0119d\u0105 obowi\u0105zywa\u0142y<\/p>\n","protected":false},"author":4,"featured_media":318,"comment_status":"closed","ping_status":"closed","sticky":false,"template":"","format":"standard","meta":{"footnotes":""},"categories":[11],"tags":[],"class_list":["post-3116","post","type-post","status-publish","format-standard","has-post-thumbnail","hentry","category-informacje"],"featured_image_urls":{"full":["https:\/\/zstmalbork.pl\/wordpress\/wp-content\/uploads\/2020\/05\/cropped-logo-3.png",286,286,false],"thumbnail":["https:\/\/zstmalbork.pl\/wordpress\/wp-content\/uploads\/2020\/05\/cropped-logo-3-150x150.png",150,150,true],"medium":["https:\/\/zstmalbork.pl\/wordpress\/wp-content\/uploads\/2020\/05\/cropped-logo-3.png",286,286,false],"medium_large":["https:\/\/zstmalbork.pl\/wordpress\/wp-content\/uploads\/2020\/05\/cropped-logo-3.png",286,286,false],"large":["https:\/\/zstmalbork.pl\/wordpress\/wp-content\/uploads\/2020\/05\/cropped-logo-3.png",286,286,false],"1536x1536":["https:\/\/zstmalbork.pl\/wordpress\/wp-content\/uploads\/2020\/05\/cropped-logo-3.png",286,286,false],"2048x2048":["https:\/\/zstmalbork.pl\/wordpress\/wp-content\/uploads\/2020\/05\/cropped-logo-3.png",286,286,false],"morenews-large":["https:\/\/zstmalbork.pl\/wordpress\/wp-content\/uploads\/2020\/05\/cropped-logo-3.png",286,286,false],"morenews-medium":["https:\/\/zstmalbork.pl\/wordpress\/wp-content\/uploads\/2020\/05\/cropped-logo-3.png",286,286,false]},"author_info":{"display_name":"ZST Malbork","author_link":"https:\/\/zstmalbork.pl\/wordpress\/author\/sekretariat\/"},"category_info":"<a href=\"https:\/\/zstmalbork.pl\/wordpress\/category\/informacje\/\" rel=\"category tag\">INFORMACJE<\/a>","tag_info":"INFORMACJE","comment_count":"0","_links":{"self":[{"href":"https:\/\/zstmalbork.pl\/wordpress\/wp-json\/wp\/v2\/posts\/3116","targetHints":{"allow":["GET"]}}],"collection":[{"href":"https:\/\/zstmalbork.pl\/wordpress\/wp-json\/wp\/v2\/posts"}],"about":[{"href":"https:\/\/zstmalbork.pl\/wordpress\/wp-json\/wp\/v2\/types\/post"}],"author":[{"embeddable":true,"href":"https:\/\/zstmalbork.pl\/wordpress\/wp-json\/wp\/v2\/users\/4"}],"replies":[{"embeddable":true,"href":"https:\/\/zstmalbork.pl\/wordpress\/wp-json\/wp\/v2\/comments?post=3116"}],"version-history":[{"count":7,"href":"https:\/\/zstmalbork.pl\/wordpress\/wp-json\/wp\/v2\/posts\/3116\/revisions"}],"predecessor-version":[{"id":5106,"href":"https:\/\/zstmalbork.pl\/wordpress\/wp-json\/wp\/v2\/posts\/3116\/revisions\/5106"}],"wp:featuredmedia":[{"embeddable":true,"href":"https:\/\/zstmalbork.pl\/wordpress\/wp-json\/wp\/v2\/media\/318"}],"wp:attachment":[{"href":"https:\/\/zstmalbork.pl\/wordpress\/wp-json\/wp\/v2\/media?parent=3116"}],"wp:term":[{"taxonomy":"category","embeddable":true,"href":"https:\/\/zstmalbork.pl\/wordpress\/wp-json\/wp\/v2\/categories?post=3116"},{"taxonomy":"post_tag","embeddable":true,"href":"https:\/\/zstmalbork.pl\/wordpress\/wp-json\/wp\/v2\/tags?post=3116"}],"curies":[{"name":"wp","href":"https:\/\/api.w.org\/{rel}","templated":true}]}}