{"id":6407,"date":"2024-10-14T11:24:50","date_gmt":"2024-10-14T09:24:50","guid":{"rendered":"https:\/\/zstmalbork.pl\/wordpress\/?p=6407"},"modified":"2024-10-14T11:37:35","modified_gmt":"2024-10-14T09:37:35","slug":"dzien-edukacji-narodowej-2","status":"publish","type":"post","link":"https:\/\/zstmalbork.pl\/wordpress\/2024\/10\/14\/dzien-edukacji-narodowej-2\/","title":{"rendered":"Dzie\u0144 Edukacji Narodowej"},"content":{"rendered":"\n<p>\u201dUczy\u0107 to mie\u0107 wp\u0142yw\u2026\u201d tymi w\u0142a\u015bnie s\u0142owami Dyrektor Szko\u0142y Roman Klofczy\u0144ski rozpocz\u0105\u0142 uroczyst\u0105 akademi\u0119 z okazji Dnia Edukacji Narodowej.<\/p>\n\n\n\n<figure class=\"wp-block-image size-large\"><img fetchpriority=\"high\" decoding=\"async\" width=\"1000\" height=\"1000\" src=\"https:\/\/zstmalbork.pl\/wordpress\/wp-content\/uploads\/2024\/10\/IMG_4213-1000x1000.jpeg\" alt=\"\" class=\"wp-image-6408\" srcset=\"https:\/\/zstmalbork.pl\/wordpress\/wp-content\/uploads\/2024\/10\/IMG_4213-1000x1000.jpeg 1000w, https:\/\/zstmalbork.pl\/wordpress\/wp-content\/uploads\/2024\/10\/IMG_4213-400x400.jpeg 400w, https:\/\/zstmalbork.pl\/wordpress\/wp-content\/uploads\/2024\/10\/IMG_4213-150x150.jpeg 150w, https:\/\/zstmalbork.pl\/wordpress\/wp-content\/uploads\/2024\/10\/IMG_4213-768x768.jpeg 768w\" sizes=\"(max-width: 1000px) 100vw, 1000px\" \/><\/figure>\n\n\n\n<figure class=\"wp-block-image size-large\"><img decoding=\"async\" width=\"1000\" height=\"1000\" src=\"https:\/\/zstmalbork.pl\/wordpress\/wp-content\/uploads\/2024\/10\/IMG_4214-1000x1000.jpeg\" alt=\"\" class=\"wp-image-6409\" srcset=\"https:\/\/zstmalbork.pl\/wordpress\/wp-content\/uploads\/2024\/10\/IMG_4214-1000x1000.jpeg 1000w, https:\/\/zstmalbork.pl\/wordpress\/wp-content\/uploads\/2024\/10\/IMG_4214-400x400.jpeg 400w, https:\/\/zstmalbork.pl\/wordpress\/wp-content\/uploads\/2024\/10\/IMG_4214-150x150.jpeg 150w, https:\/\/zstmalbork.pl\/wordpress\/wp-content\/uploads\/2024\/10\/IMG_4214-768x768.jpeg 768w\" sizes=\"(max-width: 1000px) 100vw, 1000px\" \/><\/figure>\n\n\n\n<figure class=\"wp-block-image size-large\"><img decoding=\"async\" width=\"1000\" height=\"1000\" src=\"https:\/\/zstmalbork.pl\/wordpress\/wp-content\/uploads\/2024\/10\/IMG_4216-1000x1000.jpeg\" alt=\"\" class=\"wp-image-6410\" srcset=\"https:\/\/zstmalbork.pl\/wordpress\/wp-content\/uploads\/2024\/10\/IMG_4216-1000x1000.jpeg 1000w, https:\/\/zstmalbork.pl\/wordpress\/wp-content\/uploads\/2024\/10\/IMG_4216-400x400.jpeg 400w, https:\/\/zstmalbork.pl\/wordpress\/wp-content\/uploads\/2024\/10\/IMG_4216-150x150.jpeg 150w, https:\/\/zstmalbork.pl\/wordpress\/wp-content\/uploads\/2024\/10\/IMG_4216-768x768.jpeg 768w\" sizes=\"(max-width: 1000px) 100vw, 1000px\" \/><\/figure>\n\n\n\n<figure class=\"wp-block-image size-large\"><img loading=\"lazy\" decoding=\"async\" width=\"1000\" height=\"1000\" src=\"https:\/\/zstmalbork.pl\/wordpress\/wp-content\/uploads\/2024\/10\/IMG_4217-1000x1000.jpeg\" alt=\"\" class=\"wp-image-6411\" srcset=\"https:\/\/zstmalbork.pl\/wordpress\/wp-content\/uploads\/2024\/10\/IMG_4217-1000x1000.jpeg 1000w, https:\/\/zstmalbork.pl\/wordpress\/wp-content\/uploads\/2024\/10\/IMG_4217-400x400.jpeg 400w, https:\/\/zstmalbork.pl\/wordpress\/wp-content\/uploads\/2024\/10\/IMG_4217-150x150.jpeg 150w, https:\/\/zstmalbork.pl\/wordpress\/wp-content\/uploads\/2024\/10\/IMG_4217-768x768.jpeg 768w\" sizes=\"(max-width: 1000px) 100vw, 1000px\" \/><\/figure>\n\n\n\n<figure class=\"wp-block-image size-large\"><img loading=\"lazy\" decoding=\"async\" width=\"1000\" height=\"1000\" src=\"https:\/\/zstmalbork.pl\/wordpress\/wp-content\/uploads\/2024\/10\/IMG_4218-1000x1000.jpeg\" alt=\"\" class=\"wp-image-6412\" srcset=\"https:\/\/zstmalbork.pl\/wordpress\/wp-content\/uploads\/2024\/10\/IMG_4218-1000x1000.jpeg 1000w, https:\/\/zstmalbork.pl\/wordpress\/wp-content\/uploads\/2024\/10\/IMG_4218-400x400.jpeg 400w, https:\/\/zstmalbork.pl\/wordpress\/wp-content\/uploads\/2024\/10\/IMG_4218-150x150.jpeg 150w, https:\/\/zstmalbork.pl\/wordpress\/wp-content\/uploads\/2024\/10\/IMG_4218-768x768.jpeg 768w\" sizes=\"(max-width: 1000px) 100vw, 1000px\" \/><\/figure>\n\n\n\n<figure class=\"wp-block-image size-large\"><img loading=\"lazy\" decoding=\"async\" width=\"1000\" height=\"1000\" src=\"https:\/\/zstmalbork.pl\/wordpress\/wp-content\/uploads\/2024\/10\/IMG_4220-1000x1000.jpeg\" alt=\"\" class=\"wp-image-6415\" srcset=\"https:\/\/zstmalbork.pl\/wordpress\/wp-content\/uploads\/2024\/10\/IMG_4220-1000x1000.jpeg 1000w, https:\/\/zstmalbork.pl\/wordpress\/wp-content\/uploads\/2024\/10\/IMG_4220-400x400.jpeg 400w, https:\/\/zstmalbork.pl\/wordpress\/wp-content\/uploads\/2024\/10\/IMG_4220-150x150.jpeg 150w, https:\/\/zstmalbork.pl\/wordpress\/wp-content\/uploads\/2024\/10\/IMG_4220-768x768.jpeg 768w\" sizes=\"(max-width: 1000px) 100vw, 1000px\" \/><\/figure>\n\n\n\n<figure class=\"wp-block-image size-large\"><img loading=\"lazy\" decoding=\"async\" width=\"1000\" height=\"1000\" src=\"https:\/\/zstmalbork.pl\/wordpress\/wp-content\/uploads\/2024\/10\/IMG_4223-1000x1000.jpeg\" alt=\"\" class=\"wp-image-6417\" srcset=\"https:\/\/zstmalbork.pl\/wordpress\/wp-content\/uploads\/2024\/10\/IMG_4223-1000x1000.jpeg 1000w, https:\/\/zstmalbork.pl\/wordpress\/wp-content\/uploads\/2024\/10\/IMG_4223-400x400.jpeg 400w, https:\/\/zstmalbork.pl\/wordpress\/wp-content\/uploads\/2024\/10\/IMG_4223-150x150.jpeg 150w, https:\/\/zstmalbork.pl\/wordpress\/wp-content\/uploads\/2024\/10\/IMG_4223-768x768.jpeg 768w\" sizes=\"(max-width: 1000px) 100vw, 1000px\" \/><\/figure>\n","protected":false},"excerpt":{"rendered":"<p>\u201dUczy\u0107 to mie\u0107 wp\u0142yw\u2026\u201d tymi w\u0142a\u015bnie s\u0142owami Dyrektor Szko\u0142y Roman Klofczy\u0144ski rozpocz\u0105\u0142 uroczyst\u0105 akademi\u0119 z okazji Dnia Edukacji<\/p>\n","protected":false},"author":1,"featured_media":0,"comment_status":"closed","ping_status":"","sticky":false,"template":"","format":"standard","meta":{"footnotes":""},"categories":[11],"tags":[],"class_list":["post-6407","post","type-post","status-publish","format-standard","hentry","category-informacje"],"featured_image_urls":{"full":"","thumbnail":"","medium":"","medium_large":"","large":"","1536x1536":"","2048x2048":"","morenews-large":"","morenews-medium":""},"author_info":{"display_name":"Sebastian Grabowski","author_link":"https:\/\/zstmalbork.pl\/wordpress\/author\/sebastian-grabowskizsp4-malbork-pl\/"},"category_info":"<a href=\"https:\/\/zstmalbork.pl\/wordpress\/category\/informacje\/\" rel=\"category tag\">INFORMACJE<\/a>","tag_info":"INFORMACJE","comment_count":"0","_links":{"self":[{"href":"https:\/\/zstmalbork.pl\/wordpress\/wp-json\/wp\/v2\/posts\/6407","targetHints":{"allow":["GET"]}}],"collection":[{"href":"https:\/\/zstmalbork.pl\/wordpress\/wp-json\/wp\/v2\/posts"}],"about":[{"href":"https:\/\/zstmalbork.pl\/wordpress\/wp-json\/wp\/v2\/types\/post"}],"author":[{"embeddable":true,"href":"https:\/\/zstmalbork.pl\/wordpress\/wp-json\/wp\/v2\/users\/1"}],"replies":[{"embeddable":true,"href":"https:\/\/zstmalbork.pl\/wordpress\/wp-json\/wp\/v2\/comments?post=6407"}],"version-history":[{"count":4,"href":"https:\/\/zstmalbork.pl\/wordpress\/wp-json\/wp\/v2\/posts\/6407\/revisions"}],"predecessor-version":[{"id":6418,"href":"https:\/\/zstmalbork.pl\/wordpress\/wp-json\/wp\/v2\/posts\/6407\/revisions\/6418"}],"wp:attachment":[{"href":"https:\/\/zstmalbork.pl\/wordpress\/wp-json\/wp\/v2\/media?parent=6407"}],"wp:term":[{"taxonomy":"category","embeddable":true,"href":"https:\/\/zstmalbork.pl\/wordpress\/wp-json\/wp\/v2\/categories?post=6407"},{"taxonomy":"post_tag","embeddable":true,"href":"https:\/\/zstmalbork.pl\/wordpress\/wp-json\/wp\/v2\/tags?post=6407"}],"curies":[{"name":"wp","href":"https:\/\/api.w.org\/{rel}","templated":true}]}}