{"id":8038,"date":"2025-06-10T11:05:42","date_gmt":"2025-06-10T09:05:42","guid":{"rendered":"https:\/\/zstmalbork.pl\/wordpress\/?p=8038"},"modified":"2025-06-10T11:05:46","modified_gmt":"2025-06-10T09:05:46","slug":"odnawialne-zrodla-energii-spotkanie-w-ramach-wspolpracy","status":"publish","type":"post","link":"https:\/\/zstmalbork.pl\/wordpress\/2025\/06\/10\/odnawialne-zrodla-energii-spotkanie-w-ramach-wspolpracy\/","title":{"rendered":"Odnawialne \u017ar\u00f3d\u0142a energii &#8211; spotkanie w ramach wsp\u00f3\u0142pracy"},"content":{"rendered":"\n<p>W dniu dzisiejszym, 10 czerwca 2025 roku w Zespole Szk\u00f3\u0142 Technicznych w Malborku odby\u0142o si\u0119 spotkanie z panem dr. hab. Kamilem Fedusem profesorem Uniwersytetu Miko\u0142aja Kopernika w Toruniu. Spotkanie zosta\u0142o zorganizowane w ramach podj\u0119tej wsp\u00f3\u0142pracy naszej szko\u0142y z uczelniami wy\u017cszymi, w tym Politechnik\u0105 Gda\u0144sk\u0105 oraz wspomnianym UMK w Toruniu.<\/p>\n\n\n\n<p>Nasz go\u015b\u0107 na swoim wyk\u0142adzie poruszy\u0142 tematy zwi\u0105zane z odnawialnymi \u017ar\u00f3d\u0142ami energii, m.in: Czym s\u0105 odnawialne \u017ar\u00f3d\u0142a energii i dlaczego ich rozw\u00f3j jest dzi\u015b tak istotny?<\/p>\n\n\n\n<p>Nasz go\u015b\u0107 podczas wyk\u0142adu przedstawi\u0142 naukowe podstawy dzia\u0142ania odnawialnych \u017ar\u00f3de\u0142 energii (OZE) \u2013 energii s\u0142onecznej, wiatrowej, wodnej oraz geotermalnej. Zostan\u0105 one por\u00f3wnane z konwencjonalnymi \u017ar\u00f3d\u0142ami opartymi na paliwach kopalnych, z fizycznego punktu widzenia. Wsp\u00f3lnie zastanowimy si\u0119, dlaczego warto inwestowa\u0107 w zielon\u0105 energi\u0119 \u2013 zar\u00f3wno ze wzgl\u0119d\u00f3w \u015brodowiskowych, jak i z my\u015bl\u0105 o przysz\u0142o\u015bci gospodarki. Wyk\u0142ad dostarczy nie tylko solidnej dawki wiedzy, ale r\u00f3wnie\u017c zainspiruje do refleksji nad przysz\u0142o\u015bci\u0105 energetyki i konieczno\u015bci\u0105 wdra\u017cania rozwi\u0105za\u0144 przyjaznych \u015brodowisku.<\/p>\n\n\n\n<figure class=\"wp-block-image size-full\"><img fetchpriority=\"high\" decoding=\"async\" width=\"1600\" height=\"1200\" src=\"https:\/\/zstmalbork.pl\/wordpress\/wp-content\/uploads\/2025\/06\/WhatsApp-Image-2025-06-10-at-10.52.58-1.jpeg\" alt=\"Grupa uczni\u00f3w ZST na spotkaniu promuj\u0105cym Odnawialne \u0179r\u00f3d\u0142a Energii. Spotkanie z dr. hab. Kamilem Fedusem prof. UMK w Toruniu\" class=\"wp-image-8039\" srcset=\"https:\/\/zstmalbork.pl\/wordpress\/wp-content\/uploads\/2025\/06\/WhatsApp-Image-2025-06-10-at-10.52.58-1.jpeg 1600w, https:\/\/zstmalbork.pl\/wordpress\/wp-content\/uploads\/2025\/06\/WhatsApp-Image-2025-06-10-at-10.52.58-1-1536x1152.jpeg 1536w, https:\/\/zstmalbork.pl\/wordpress\/wp-content\/uploads\/2025\/06\/WhatsApp-Image-2025-06-10-at-10.52.58-1-1024x768.jpeg 1024w\" sizes=\"(max-width: 1600px) 100vw, 1600px\" \/><\/figure>\n\n\n\n<figure class=\"wp-block-image size-full\"><img decoding=\"async\" width=\"1600\" height=\"1200\" src=\"https:\/\/zstmalbork.pl\/wordpress\/wp-content\/uploads\/2025\/06\/WhatsApp-Image-2025-06-10-at-10.52.58.jpeg\" alt=\"Grupa uczni\u00f3w ZST na spotkaniu promuj\u0105cym Odnawialne \u0179r\u00f3d\u0142a Energii. Spotkanie z dr. hab. Kamilem Fedusem prof. UMK w Toruniu\" class=\"wp-image-8040\" srcset=\"https:\/\/zstmalbork.pl\/wordpress\/wp-content\/uploads\/2025\/06\/WhatsApp-Image-2025-06-10-at-10.52.58.jpeg 1600w, https:\/\/zstmalbork.pl\/wordpress\/wp-content\/uploads\/2025\/06\/WhatsApp-Image-2025-06-10-at-10.52.58-1536x1152.jpeg 1536w, https:\/\/zstmalbork.pl\/wordpress\/wp-content\/uploads\/2025\/06\/WhatsApp-Image-2025-06-10-at-10.52.58-1024x768.jpeg 1024w\" sizes=\"(max-width: 1600px) 100vw, 1600px\" \/><\/figure>\n\n\n\n<p>1. Link do strony informacyjnej Uniwersytetu Miko\u0142aja Kopernika w Toruniu:<\/p>\n\n\n\n<p><a href=\"https:\/\/www.umk.pl\/kandydaci\/informacje\/?id=20250326084652&amp;id_kierunku=300\"><strong>Informacje o kierunku studi\u00f3w &#8211; Uniwersytet Miko\u0142aja Kopernika w Toruniu<\/strong><\/a><\/p>\n\n\n\n<p>2. Link do strony informacyjnej Politechniki Gda\u0144skiej:<\/p>\n\n\n\n<p><strong><a href=\"https:\/\/ftims.pg.edu.pl\/rekrutacja\/stacjonarne-studia-i-i-ii-stopnia\/fizyka-techniczna\/inzynieria-odnawialnych-zrodel\">In\u017cynieria odnawialnych \u017ar\u00f3de\u0142 energii | FTiMS &#8211; Politechnika Gda\u0144ska<\/a><\/strong><\/p>\n\n\n\n<p><\/p>\n","protected":false},"excerpt":{"rendered":"<p>W dniu dzisiejszym, 10 czerwca 2025 roku w Zespole Szk\u00f3\u0142 Technicznych w Malborku odby\u0142o si\u0119 spotkanie z panem<\/p>\n","protected":false},"author":1,"featured_media":0,"comment_status":"closed","ping_status":"closed","sticky":false,"template":"","format":"standard","meta":{"footnotes":""},"categories":[11],"tags":[],"class_list":["post-8038","post","type-post","status-publish","format-standard","hentry","category-informacje"],"featured_image_urls":{"full":"","thumbnail":"","medium":"","medium_large":"","large":"","1536x1536":"","2048x2048":"","morenews-large":"","morenews-medium":""},"author_info":{"display_name":"Sebastian Grabowski","author_link":"https:\/\/zstmalbork.pl\/wordpress\/author\/sebastian-grabowskizsp4-malbork-pl\/"},"category_info":"<a href=\"https:\/\/zstmalbork.pl\/wordpress\/category\/informacje\/\" rel=\"category tag\">INFORMACJE<\/a>","tag_info":"INFORMACJE","comment_count":"0","_links":{"self":[{"href":"https:\/\/zstmalbork.pl\/wordpress\/wp-json\/wp\/v2\/posts\/8038","targetHints":{"allow":["GET"]}}],"collection":[{"href":"https:\/\/zstmalbork.pl\/wordpress\/wp-json\/wp\/v2\/posts"}],"about":[{"href":"https:\/\/zstmalbork.pl\/wordpress\/wp-json\/wp\/v2\/types\/post"}],"author":[{"embeddable":true,"href":"https:\/\/zstmalbork.pl\/wordpress\/wp-json\/wp\/v2\/users\/1"}],"replies":[{"embeddable":true,"href":"https:\/\/zstmalbork.pl\/wordpress\/wp-json\/wp\/v2\/comments?post=8038"}],"version-history":[{"count":1,"href":"https:\/\/zstmalbork.pl\/wordpress\/wp-json\/wp\/v2\/posts\/8038\/revisions"}],"predecessor-version":[{"id":8041,"href":"https:\/\/zstmalbork.pl\/wordpress\/wp-json\/wp\/v2\/posts\/8038\/revisions\/8041"}],"wp:attachment":[{"href":"https:\/\/zstmalbork.pl\/wordpress\/wp-json\/wp\/v2\/media?parent=8038"}],"wp:term":[{"taxonomy":"category","embeddable":true,"href":"https:\/\/zstmalbork.pl\/wordpress\/wp-json\/wp\/v2\/categories?post=8038"},{"taxonomy":"post_tag","embeddable":true,"href":"https:\/\/zstmalbork.pl\/wordpress\/wp-json\/wp\/v2\/tags?post=8038"}],"curies":[{"name":"wp","href":"https:\/\/api.w.org\/{rel}","templated":true}]}}