{"id":8048,"date":"2025-06-11T15:00:37","date_gmt":"2025-06-11T13:00:37","guid":{"rendered":"https:\/\/zstmalbork.pl\/wordpress\/?p=8048"},"modified":"2025-06-11T15:31:19","modified_gmt":"2025-06-11T13:31:19","slug":"8048","status":"publish","type":"post","link":"https:\/\/zstmalbork.pl\/wordpress\/2025\/06\/11\/8048\/","title":{"rendered":"Wojew\u00f3dzkie zawody strzeleckie"},"content":{"rendered":"\n<p>W dniu 10.06.2025 trzyosobowa reprezentacja naszej szko\u0142y wzi\u0119\u0142a udzia\u0142 w wojew\u00f3dzkim konkursie strzeleckim klas wojskowych. Rywalizacja odbywa\u0142a si\u0119 na zasadzie dw\u00f3ch scenariuszy w pierwszym scenariuszu nasi uczniowie patrolowali miasto na wirtualnej strzelnicy &#8222;\u015anie\u017cnik&#8221;. Podczas patrolu musieli wyeliminowa\u0107 wrog\u00f3w, na drugim scenariuszu zosta\u0142 sprawdzony ich refleks, strzelali do cel\u00f3w ruchomych. Walka by\u0142a zaci\u0119ta po d\u0142ugich rywalizacjach nasi reprezentanci zaj\u0119li 9 mie\u015bcie na 17 dru\u017cyn.<\/p>\n\n\n\n<figure class=\"wp-block-image size-full\"><img fetchpriority=\"high\" decoding=\"async\" width=\"1600\" height=\"1200\" src=\"https:\/\/zstmalbork.pl\/wordpress\/wp-content\/uploads\/2025\/06\/WhatsApp-Image-2025-06-11-at-15.19.52-2.jpeg\" alt=\"Uczniowie od lewej: Igor Kosatka, Anna Gogola-Nali\u0144ska, Konrad S\u0142odkowski prezentuj\u0105cy dyplom za udzia\u0142 w zawodach strzeleckich\" class=\"wp-image-8050\" srcset=\"https:\/\/zstmalbork.pl\/wordpress\/wp-content\/uploads\/2025\/06\/WhatsApp-Image-2025-06-11-at-15.19.52-2.jpeg 1600w, https:\/\/zstmalbork.pl\/wordpress\/wp-content\/uploads\/2025\/06\/WhatsApp-Image-2025-06-11-at-15.19.52-2-1536x1152.jpeg 1536w, https:\/\/zstmalbork.pl\/wordpress\/wp-content\/uploads\/2025\/06\/WhatsApp-Image-2025-06-11-at-15.19.52-2-1024x768.jpeg 1024w\" sizes=\"(max-width: 1600px) 100vw, 1600px\" \/><\/figure>\n\n\n\n<figure class=\"wp-block-image size-full\"><img decoding=\"async\" width=\"934\" height=\"661\" src=\"https:\/\/zstmalbork.pl\/wordpress\/wp-content\/uploads\/2025\/06\/WhatsApp-Image-2025-06-11-at-15.19.51.jpeg\" alt=\"Dyplom wojew\u00f3dzkich zawod\u00f3w strzekeckich\" class=\"wp-image-8058\"\/><\/figure>\n","protected":false},"excerpt":{"rendered":"<p>W dniu 10.06.2025 trzyosobowa reprezentacja naszej szko\u0142y wzi\u0119\u0142a udzia\u0142 w wojew\u00f3dzkim konkursie strzeleckim klas wojskowych. Rywalizacja odbywa\u0142a si\u0119<\/p>\n","protected":false},"author":1,"featured_media":8058,"comment_status":"closed","ping_status":"closed","sticky":false,"template":"","format":"standard","meta":{"footnotes":""},"categories":[11],"tags":[],"class_list":["post-8048","post","type-post","status-publish","format-standard","has-post-thumbnail","hentry","category-informacje"],"featured_image_urls":{"full":["https:\/\/zstmalbork.pl\/wordpress\/wp-content\/uploads\/2025\/06\/WhatsApp-Image-2025-06-11-at-15.19.51.jpeg",934,661,false],"thumbnail":["https:\/\/zstmalbork.pl\/wordpress\/wp-content\/uploads\/2025\/06\/WhatsApp-Image-2025-06-11-at-15.19.51-150x150.jpeg",150,150,true],"medium":["https:\/\/zstmalbork.pl\/wordpress\/wp-content\/uploads\/2025\/06\/WhatsApp-Image-2025-06-11-at-15.19.51-400x400.jpeg",400,400,true],"medium_large":["https:\/\/zstmalbork.pl\/wordpress\/wp-content\/uploads\/2025\/06\/WhatsApp-Image-2025-06-11-at-15.19.51-768x661.jpeg",640,551,true],"large":["https:\/\/zstmalbork.pl\/wordpress\/wp-content\/uploads\/2025\/06\/WhatsApp-Image-2025-06-11-at-15.19.51.jpeg",640,453,false],"1536x1536":["https:\/\/zstmalbork.pl\/wordpress\/wp-content\/uploads\/2025\/06\/WhatsApp-Image-2025-06-11-at-15.19.51.jpeg",934,661,false],"2048x2048":["https:\/\/zstmalbork.pl\/wordpress\/wp-content\/uploads\/2025\/06\/WhatsApp-Image-2025-06-11-at-15.19.51.jpeg",934,661,false],"morenews-large":["https:\/\/zstmalbork.pl\/wordpress\/wp-content\/uploads\/2025\/06\/WhatsApp-Image-2025-06-11-at-15.19.51-825x575.jpeg",825,575,true],"morenews-medium":["https:\/\/zstmalbork.pl\/wordpress\/wp-content\/uploads\/2025\/06\/WhatsApp-Image-2025-06-11-at-15.19.51-590x410.jpeg",590,410,true]},"author_info":{"display_name":"Sebastian Grabowski","author_link":"https:\/\/zstmalbork.pl\/wordpress\/author\/sebastian-grabowskizsp4-malbork-pl\/"},"category_info":"<a href=\"https:\/\/zstmalbork.pl\/wordpress\/category\/informacje\/\" rel=\"category tag\">INFORMACJE<\/a>","tag_info":"INFORMACJE","comment_count":"0","_links":{"self":[{"href":"https:\/\/zstmalbork.pl\/wordpress\/wp-json\/wp\/v2\/posts\/8048","targetHints":{"allow":["GET"]}}],"collection":[{"href":"https:\/\/zstmalbork.pl\/wordpress\/wp-json\/wp\/v2\/posts"}],"about":[{"href":"https:\/\/zstmalbork.pl\/wordpress\/wp-json\/wp\/v2\/types\/post"}],"author":[{"embeddable":true,"href":"https:\/\/zstmalbork.pl\/wordpress\/wp-json\/wp\/v2\/users\/1"}],"replies":[{"embeddable":true,"href":"https:\/\/zstmalbork.pl\/wordpress\/wp-json\/wp\/v2\/comments?post=8048"}],"version-history":[{"count":4,"href":"https:\/\/zstmalbork.pl\/wordpress\/wp-json\/wp\/v2\/posts\/8048\/revisions"}],"predecessor-version":[{"id":8060,"href":"https:\/\/zstmalbork.pl\/wordpress\/wp-json\/wp\/v2\/posts\/8048\/revisions\/8060"}],"wp:featuredmedia":[{"embeddable":true,"href":"https:\/\/zstmalbork.pl\/wordpress\/wp-json\/wp\/v2\/media\/8058"}],"wp:attachment":[{"href":"https:\/\/zstmalbork.pl\/wordpress\/wp-json\/wp\/v2\/media?parent=8048"}],"wp:term":[{"taxonomy":"category","embeddable":true,"href":"https:\/\/zstmalbork.pl\/wordpress\/wp-json\/wp\/v2\/categories?post=8048"},{"taxonomy":"post_tag","embeddable":true,"href":"https:\/\/zstmalbork.pl\/wordpress\/wp-json\/wp\/v2\/tags?post=8048"}],"curies":[{"name":"wp","href":"https:\/\/api.w.org\/{rel}","templated":true}]}}