{"id":8304,"date":"2025-10-01T13:53:15","date_gmt":"2025-10-01T11:53:15","guid":{"rendered":"https:\/\/zstmalbork.pl\/wordpress\/?p=8304"},"modified":"2025-10-08T13:54:09","modified_gmt":"2025-10-08T11:54:09","slug":"oboz-szkoleniowy-w-22blt-w-malborku","status":"publish","type":"post","link":"https:\/\/zstmalbork.pl\/wordpress\/2025\/10\/01\/oboz-szkoleniowy-w-22blt-w-malborku\/","title":{"rendered":"Ob\u00f3z szkoleniowy w 22BLT w Malborku"},"content":{"rendered":"\n<p>W dniach 29.09 do 3 .10 klasy IV OPW wzi\u0119\u0142y udzia\u0142 w obozie szkoleniowym w 22 BLT w Malborku. By\u0142o to podsumowanie ca\u0142ego procesu szkolenia w zakresie klas mundurowych. Odbyli\u015bmy zaj\u0119cia z taktyki, poruszania si\u0119 marszem ubezpieczonym, dzia\u0142aniem na polu walki, zaj\u0119ciami inzynieryjno -saperskimi, sanitarnymi , szkoleniami strzeleckimi i zaj\u0119ciami z surwiwalu.<\/p>\n","protected":false},"excerpt":{"rendered":"<p>W dniach 29.09 do 3 .10 klasy IV OPW wzi\u0119\u0142y udzia\u0142 w obozie szkoleniowym w 22 BLT w<\/p>\n","protected":false},"author":1,"featured_media":0,"comment_status":"closed","ping_status":"closed","sticky":false,"template":"","format":"standard","meta":{"footnotes":""},"categories":[11],"tags":[],"class_list":["post-8304","post","type-post","status-publish","format-standard","hentry","category-informacje"],"featured_image_urls":{"full":"","thumbnail":"","medium":"","medium_large":"","large":"","1536x1536":"","2048x2048":"","morenews-large":"","morenews-medium":""},"author_info":{"display_name":"Sebastian Grabowski","author_link":"https:\/\/zstmalbork.pl\/wordpress\/author\/sebastian-grabowskizsp4-malbork-pl\/"},"category_info":"<a href=\"https:\/\/zstmalbork.pl\/wordpress\/category\/informacje\/\" rel=\"category tag\">INFORMACJE<\/a>","tag_info":"INFORMACJE","comment_count":"0","_links":{"self":[{"href":"https:\/\/zstmalbork.pl\/wordpress\/wp-json\/wp\/v2\/posts\/8304","targetHints":{"allow":["GET"]}}],"collection":[{"href":"https:\/\/zstmalbork.pl\/wordpress\/wp-json\/wp\/v2\/posts"}],"about":[{"href":"https:\/\/zstmalbork.pl\/wordpress\/wp-json\/wp\/v2\/types\/post"}],"author":[{"embeddable":true,"href":"https:\/\/zstmalbork.pl\/wordpress\/wp-json\/wp\/v2\/users\/1"}],"replies":[{"embeddable":true,"href":"https:\/\/zstmalbork.pl\/wordpress\/wp-json\/wp\/v2\/comments?post=8304"}],"version-history":[{"count":1,"href":"https:\/\/zstmalbork.pl\/wordpress\/wp-json\/wp\/v2\/posts\/8304\/revisions"}],"predecessor-version":[{"id":8305,"href":"https:\/\/zstmalbork.pl\/wordpress\/wp-json\/wp\/v2\/posts\/8304\/revisions\/8305"}],"wp:attachment":[{"href":"https:\/\/zstmalbork.pl\/wordpress\/wp-json\/wp\/v2\/media?parent=8304"}],"wp:term":[{"taxonomy":"category","embeddable":true,"href":"https:\/\/zstmalbork.pl\/wordpress\/wp-json\/wp\/v2\/categories?post=8304"},{"taxonomy":"post_tag","embeddable":true,"href":"https:\/\/zstmalbork.pl\/wordpress\/wp-json\/wp\/v2\/tags?post=8304"}],"curies":[{"name":"wp","href":"https:\/\/api.w.org\/{rel}","templated":true}]}}