{"id":8685,"date":"2025-11-08T21:14:41","date_gmt":"2025-11-08T20:14:41","guid":{"rendered":"https:\/\/zstmalbork.pl\/wordpress\/?p=8685"},"modified":"2025-11-11T00:05:30","modified_gmt":"2025-11-10T23:05:30","slug":"mistrzostwa-szkoly-w-biegach-przelajowych","status":"publish","type":"post","link":"https:\/\/zstmalbork.pl\/wordpress\/2025\/11\/08\/mistrzostwa-szkoly-w-biegach-przelajowych\/","title":{"rendered":"Mistrzostwa szko\u0142y w biegach prze\u0142ajowych"},"content":{"rendered":"\n<p>W dniu 7.11.2025 na Polanie miejskiej odby\u0142y si\u0119 Mistrzostwa Szko\u0142y w biegach prze\u0142ajowych z okazji Dnia Niepodleg\u0142o\u015bci, w zawodach wzi\u0119\u0142o udzia\u0142 80 uczni\u00f3w. Bieg odby\u0142 si\u0119 w trzech kategoriach:<\/p>\n\n\n\n<figure class=\"wp-block-image size-full\"><img fetchpriority=\"high\" decoding=\"async\" width=\"1000\" height=\"750\" src=\"https:\/\/zstmalbork.pl\/wordpress\/wp-content\/uploads\/2025\/11\/20251107_100128.jpg\" alt=\"\" class=\"wp-image-8688\"\/><\/figure>\n\n\n\n<p>I. Bieg dziewcz\u0105t<\/p>\n\n\n\n<p>1 miejsce &#8211; Laura Jab\u0142o\u0144ska 3LOw<\/p>\n\n\n\n<p>2 miejsce &#8211; Maja&nbsp; Merchut 1WZb<\/p>\n\n\n\n<p>3 miejsce &#8211; Paulina Abramowicz 1LOw<\/p>\n\n\n\n<figure class=\"wp-block-image size-full\"><img decoding=\"async\" width=\"1000\" height=\"750\" src=\"https:\/\/zstmalbork.pl\/wordpress\/wp-content\/uploads\/2025\/11\/20251107_094156.jpg\" alt=\"\" class=\"wp-image-8690\"\/><\/figure>\n\n\n\n<p>II Bieg ch\u0142opc\u00f3w klasy I i II<\/p>\n\n\n\n<p>1 miejsce &#8211; Pawe\u0142 Krygier 1LOw<\/p>\n\n\n\n<p>2 miejsce &#8211; Dominik Cholewi\u0144ski 2LOw<\/p>\n\n\n\n<p>3 miejsce &#8211; Oliwier \u0141ydzi\u0144ski 2TME<\/p>\n\n\n\n<figure class=\"wp-block-image size-full\"><img decoding=\"async\" width=\"1000\" height=\"750\" src=\"https:\/\/zstmalbork.pl\/wordpress\/wp-content\/uploads\/2025\/11\/20251107_093835.jpg\" alt=\"\" class=\"wp-image-8689\"\/><\/figure>\n\n\n\n<p>III Bieg ch\u0142opc\u00f3w klasy III &#8211; V<\/p>\n\n\n\n<p>1 miejsce &#8211; Kacper Kuchta 4LOs<\/p>\n\n\n\n<p>2 miejsce &#8211; Kevin Urba\u0144ski 3WZM<\/p>\n\n\n\n<p>3 miejsce &#8211; Artur Niemas 3LOs<\/p>\n\n\n\n<figure class=\"wp-block-gallery has-nested-images columns-default is-cropped wp-block-gallery-2 is-layout-flex wp-block-gallery-is-layout-flex\">\n<figure class=\"wp-block-image size-full is-style-rounded\"><img loading=\"lazy\" decoding=\"async\" width=\"1000\" height=\"750\" data-id=\"8691\" src=\"https:\/\/zstmalbork.pl\/wordpress\/wp-content\/uploads\/2025\/11\/20251107_094857-1.jpg\" alt=\"\" class=\"wp-image-8691\"\/><\/figure>\n\n\n\n<figure class=\"wp-block-image size-large is-style-rounded\"><img loading=\"lazy\" decoding=\"async\" width=\"1000\" height=\"750\" data-id=\"8692\" src=\"https:\/\/zstmalbork.pl\/wordpress\/wp-content\/uploads\/2025\/11\/20251107_095452.jpg\" alt=\"\" class=\"wp-image-8692\"\/><\/figure>\n\n\n\n<figure class=\"wp-block-image size-large is-style-rounded\"><img loading=\"lazy\" decoding=\"async\" width=\"1000\" height=\"750\" data-id=\"8693\" src=\"https:\/\/zstmalbork.pl\/wordpress\/wp-content\/uploads\/2025\/11\/20251107_100128-1.jpg\" alt=\"\" class=\"wp-image-8693\"\/><\/figure>\n\n\n\n<figure class=\"wp-block-image size-large is-style-rounded\"><img loading=\"lazy\" decoding=\"async\" width=\"563\" height=\"1000\" data-id=\"8694\" src=\"https:\/\/zstmalbork.pl\/wordpress\/wp-content\/uploads\/2025\/11\/20251107_100710.jpg\" alt=\"\" class=\"wp-image-8694\"\/><\/figure>\n\n\n\n<figure class=\"wp-block-image size-large is-style-rounded\"><img loading=\"lazy\" decoding=\"async\" width=\"1000\" height=\"563\" data-id=\"8695\" src=\"https:\/\/zstmalbork.pl\/wordpress\/wp-content\/uploads\/2025\/11\/20251107_093509.jpg\" alt=\"\" class=\"wp-image-8695\"\/><\/figure>\n\n\n\n<figure class=\"wp-block-image size-large is-style-rounded wp-duotone-unset-1\"><img loading=\"lazy\" decoding=\"async\" width=\"1000\" height=\"563\" data-id=\"8696\" src=\"https:\/\/zstmalbork.pl\/wordpress\/wp-content\/uploads\/2025\/11\/20251107_093822.jpg\" alt=\"\" class=\"wp-image-8696\"\/><\/figure>\n<\/figure>\n","protected":false},"excerpt":{"rendered":"<p>W dniu 7.11.2025 na Polanie miejskiej odby\u0142y si\u0119 Mistrzostwa Szko\u0142y w biegach prze\u0142ajowych z okazji Dnia Niepodleg\u0142o\u015bci, w<\/p>\n","protected":false},"author":4,"featured_media":0,"comment_status":"closed","ping_status":"closed","sticky":false,"template":"","format":"standard","meta":{"footnotes":""},"categories":[11],"tags":[],"class_list":["post-8685","post","type-post","status-publish","format-standard","hentry","category-informacje"],"featured_image_urls":{"full":"","thumbnail":"","medium":"","medium_large":"","large":"","1536x1536":"","2048x2048":"","morenews-large":"","morenews-medium":""},"author_info":{"display_name":"ZST Malbork","author_link":"https:\/\/zstmalbork.pl\/wordpress\/author\/sekretariat\/"},"category_info":"<a href=\"https:\/\/zstmalbork.pl\/wordpress\/category\/informacje\/\" rel=\"category tag\">INFORMACJE<\/a>","tag_info":"INFORMACJE","comment_count":"0","_links":{"self":[{"href":"https:\/\/zstmalbork.pl\/wordpress\/wp-json\/wp\/v2\/posts\/8685","targetHints":{"allow":["GET"]}}],"collection":[{"href":"https:\/\/zstmalbork.pl\/wordpress\/wp-json\/wp\/v2\/posts"}],"about":[{"href":"https:\/\/zstmalbork.pl\/wordpress\/wp-json\/wp\/v2\/types\/post"}],"author":[{"embeddable":true,"href":"https:\/\/zstmalbork.pl\/wordpress\/wp-json\/wp\/v2\/users\/4"}],"replies":[{"embeddable":true,"href":"https:\/\/zstmalbork.pl\/wordpress\/wp-json\/wp\/v2\/comments?post=8685"}],"version-history":[{"count":2,"href":"https:\/\/zstmalbork.pl\/wordpress\/wp-json\/wp\/v2\/posts\/8685\/revisions"}],"predecessor-version":[{"id":8697,"href":"https:\/\/zstmalbork.pl\/wordpress\/wp-json\/wp\/v2\/posts\/8685\/revisions\/8697"}],"wp:attachment":[{"href":"https:\/\/zstmalbork.pl\/wordpress\/wp-json\/wp\/v2\/media?parent=8685"}],"wp:term":[{"taxonomy":"category","embeddable":true,"href":"https:\/\/zstmalbork.pl\/wordpress\/wp-json\/wp\/v2\/categories?post=8685"},{"taxonomy":"post_tag","embeddable":true,"href":"https:\/\/zstmalbork.pl\/wordpress\/wp-json\/wp\/v2\/tags?post=8685"}],"curies":[{"name":"wp","href":"https:\/\/api.w.org\/{rel}","templated":true}]}}