{"id":9387,"date":"2026-04-27T09:38:47","date_gmt":"2026-04-27T07:38:47","guid":{"rendered":"https:\/\/zstmalbork.pl\/wordpress\/?p=9387"},"modified":"2026-04-27T11:08:01","modified_gmt":"2026-04-27T09:08:01","slug":"sukces-naszej-uczennicy","status":"publish","type":"post","link":"https:\/\/zstmalbork.pl\/wordpress\/2026\/04\/27\/sukces-naszej-uczennicy\/","title":{"rendered":"Sukces naszej uczennicy!"},"content":{"rendered":"\n<p class=\"has-medium-font-size\"><strong>Mamy pierwsze miejsce!<\/strong><\/p>\n\n\n\n<figure class=\"wp-block-image size-large\"><img fetchpriority=\"high\" decoding=\"async\" width=\"1000\" height=\"1000\" src=\"https:\/\/zstmalbork.pl\/wordpress\/wp-content\/uploads\/2026\/04\/image-2-1000x1000.png\" alt=\"\" class=\"wp-image-9389\" srcset=\"https:\/\/zstmalbork.pl\/wordpress\/wp-content\/uploads\/2026\/04\/image-2-1000x1000.png 1000w, https:\/\/zstmalbork.pl\/wordpress\/wp-content\/uploads\/2026\/04\/image-2-400x400.png 400w, https:\/\/zstmalbork.pl\/wordpress\/wp-content\/uploads\/2026\/04\/image-2-150x150.png 150w, https:\/\/zstmalbork.pl\/wordpress\/wp-content\/uploads\/2026\/04\/image-2-768x768.png 768w\" sizes=\"(max-width: 1000px) 100vw, 1000px\" \/><\/figure>\n\n\n\n<p class=\"has-medium-font-size\">24 kwietnia 2026 r. Maja Ceran, uczennica klasy 3Fa, zaj\u0119\u0142a pierwsze miejsce w mi\u0119dzyszkolnym konkursie fryzjerskim<strong> \u201eFryzura upinana &#8211; Ksi\u0119\u017cniczka na balu\u201d<\/strong> o Puchar Starosty Malborskiego.<\/p>\n\n\n\n<figure class=\"wp-block-image size-full\"><img decoding=\"async\" width=\"1016\" height=\"2048\" src=\"https:\/\/zstmalbork.pl\/wordpress\/wp-content\/uploads\/2026\/04\/image-3.png\" alt=\"\" class=\"wp-image-9390\" srcset=\"https:\/\/zstmalbork.pl\/wordpress\/wp-content\/uploads\/2026\/04\/image-3.png 1016w, https:\/\/zstmalbork.pl\/wordpress\/wp-content\/uploads\/2026\/04\/image-3-762x1536.png 762w\" sizes=\"(max-width: 1016px) 100vw, 1016px\" \/><\/figure>\n\n\n\n<p class=\"has-medium-font-size\">Serdecznie gratulujemy!<br><\/p>\n\n\n\n<p>Nasz\u0105 szko\u0142\u0119 w konkursie reprezentowali uczniowie klas 3Fa i 3Fb: Maja Ceran, Marta Gomoliszek, Zuzanna Kowalik, Filip Kratul, Nikola Lesiuk, Paulina Tworzyd\u0142o. Opiekunem grupy naszych uczni\u00f3w by\u0142a p. Monika Zawada.<\/p>\n\n\n\n<figure class=\"wp-block-image size-large\"><img decoding=\"async\" width=\"1000\" height=\"1000\" src=\"https:\/\/zstmalbork.pl\/wordpress\/wp-content\/uploads\/2026\/04\/image-1-1000x1000.png\" alt=\"\" class=\"wp-image-9388\" srcset=\"https:\/\/zstmalbork.pl\/wordpress\/wp-content\/uploads\/2026\/04\/image-1-1000x1000.png 1000w, https:\/\/zstmalbork.pl\/wordpress\/wp-content\/uploads\/2026\/04\/image-1-400x400.png 400w, https:\/\/zstmalbork.pl\/wordpress\/wp-content\/uploads\/2026\/04\/image-1-150x150.png 150w, https:\/\/zstmalbork.pl\/wordpress\/wp-content\/uploads\/2026\/04\/image-1-768x768.png 768w\" sizes=\"(max-width: 1000px) 100vw, 1000px\" \/><\/figure>\n\n\n\n<p><\/p>\n","protected":false},"excerpt":{"rendered":"<p>Mamy pierwsze miejsce! 24 kwietnia 2026 r. Maja Ceran, uczennica klasy 3Fa, zaj\u0119\u0142a pierwsze miejsce w mi\u0119dzyszkolnym konkursie<\/p>\n","protected":false},"author":1,"featured_media":0,"comment_status":"closed","ping_status":"closed","sticky":false,"template":"","format":"standard","meta":{"footnotes":""},"categories":[11],"tags":[],"class_list":["post-9387","post","type-post","status-publish","format-standard","hentry","category-informacje"],"featured_image_urls":{"full":"","thumbnail":"","medium":"","medium_large":"","large":"","1536x1536":"","2048x2048":"","morenews-large":"","morenews-medium":""},"author_info":{"display_name":"Sebastian Grabowski","author_link":"https:\/\/zstmalbork.pl\/wordpress\/author\/sebastian-grabowskizsp4-malbork-pl\/"},"category_info":"<a href=\"https:\/\/zstmalbork.pl\/wordpress\/category\/informacje\/\" rel=\"category tag\">INFORMACJE<\/a>","tag_info":"INFORMACJE","comment_count":"0","_links":{"self":[{"href":"https:\/\/zstmalbork.pl\/wordpress\/wp-json\/wp\/v2\/posts\/9387","targetHints":{"allow":["GET"]}}],"collection":[{"href":"https:\/\/zstmalbork.pl\/wordpress\/wp-json\/wp\/v2\/posts"}],"about":[{"href":"https:\/\/zstmalbork.pl\/wordpress\/wp-json\/wp\/v2\/types\/post"}],"author":[{"embeddable":true,"href":"https:\/\/zstmalbork.pl\/wordpress\/wp-json\/wp\/v2\/users\/1"}],"replies":[{"embeddable":true,"href":"https:\/\/zstmalbork.pl\/wordpress\/wp-json\/wp\/v2\/comments?post=9387"}],"version-history":[{"count":2,"href":"https:\/\/zstmalbork.pl\/wordpress\/wp-json\/wp\/v2\/posts\/9387\/revisions"}],"predecessor-version":[{"id":9393,"href":"https:\/\/zstmalbork.pl\/wordpress\/wp-json\/wp\/v2\/posts\/9387\/revisions\/9393"}],"wp:attachment":[{"href":"https:\/\/zstmalbork.pl\/wordpress\/wp-json\/wp\/v2\/media?parent=9387"}],"wp:term":[{"taxonomy":"category","embeddable":true,"href":"https:\/\/zstmalbork.pl\/wordpress\/wp-json\/wp\/v2\/categories?post=9387"},{"taxonomy":"post_tag","embeddable":true,"href":"https:\/\/zstmalbork.pl\/wordpress\/wp-json\/wp\/v2\/tags?post=9387"}],"curies":[{"name":"wp","href":"https:\/\/api.w.org\/{rel}","templated":true}]}}